{"id":2087,"date":"2021-10-01T14:03:17","date_gmt":"2021-10-01T11:03:17","guid":{"rendered":"http:\/\/www.serdarleblebici.com\/?p=2087"},"modified":"2021-10-01T14:10:23","modified_gmt":"2021-10-01T11:10:23","slug":"bir-sergiden-izlenimler","status":"publish","type":"post","link":"http:\/\/www.serdarleblebici.com\/?p=2087","title":{"rendered":"B\u0130R SERG\u0130DEN \u0130ZLEN\u0130MLER"},"content":{"rendered":"\n<pre class=\"wp-block-preformatted makale\" style=\"font-size:17px\">Serdar'\u0131n resimleri adeta bir klasik m\u00fczik kon\u00e7ertosu gibi. Kimi zaman keman\u0131n yumu\u015fak ve h\u00fcz\u00fcnl\u00fc sesini duyumsuyorsunuz y\u00fczeyde, kimi zaman da renkli, nefes alan \u015feffaf alanlar sizin resmin i\u00e7inde kendili\u011finden yol alman\u0131z\u0131 sa\u011fl\u0131yor. \nDerken g\u00fc\u00e7l\u00fc bir sesle irkiliyorsunuz. Sizi \u015fok eden bir \u00e7\u0131\u011fl\u0131k ile kendinize getiren, y\u00fczle\u015ftiren bir fig\u00fcr ortaya \u00e7\u0131k\u0131yor.\nT\u00fcm vah\u015fili\u011fine, \u00f6fkesine ve h\u00fczn\u00fcne ortak oldu\u011funuz... Ba\u011f kurabildi\u011finiz ya\u015fayan y\u00fczler... Ondan \u00e7\u0131kan ve size ait olan.\nBunu b\u00fcy\u00fck bir zerafetle ve g\u00fc\u00e7l\u00fc bir kurguyla ortaya \u00e7\u0131karmas\u0131na hayran oldu\u011funuz zamans\u0131z fig\u00fcrler; Yal\u0131n, \u00f6yk\u00fcnmemi\u015f, \u00f6zg\u00fcn ve derin.\nSonras\u0131nda bir peyzaja g\u00f6z\u00fcn\u00fcz ili\u015fiyor. Zaman\u0131n tan\u0131\u011f\u0131 g\u00f6vdeler; olu\u015fumumuzu ve varl\u0131\u011f\u0131m\u0131z\u0131 sorgulad\u0131\u011f\u0131m\u0131z. \nSessizce s\u00fcz\u00fclen bir bal\u0131k size tan\u0131kl\u0131k ediyor. Heyecan ve h\u0131zla b\u00fcy\u00fck bir vuru\u015fla gelen spat\u00fcl\u00fcn izinde yolculu\u011fa ortak oluyorsunuz. \nSislerin i\u00e7inden ortaya \u00e7\u0131kan bir kad\u0131n bedeni, narlar, nil\u00fcferler... Hepsi ya\u015fam\u0131n i\u00e7inden. \nBunu b\u00fcy\u00fcl\u00fc bir \u015fekilde bize sunan, hikayesine ortak eden b\u00fcy\u00fck ustaya selam olsun. \n\n\n\nFiliz PEL\u0130T\nRessam\nOcak 2017\n\n\nS. Leblebici ki\u015fisel sergi  \/ 5 Ocak-13 \u015eubat 2017 - \u0130zmir \/ ArtShop <\/pre>\n","protected":false},"excerpt":{"rendered":"<p>F\u0130L\u0130Z PEL\u0130T<\/p>\n","protected":false},"author":1,"featured_media":0,"comment_status":"closed","ping_status":"open","sticky":false,"template":"","format":"standard","meta":{"neve_meta_sidebar":"","neve_meta_container":"","neve_meta_enable_content_width":"","neve_meta_content_width":0,"neve_meta_title_alignment":"","neve_meta_author_avatar":"","neve_post_elements_order":"","neve_meta_disable_header":"","neve_meta_disable_footer":"","neve_meta_disable_title":"","footnotes":""},"categories":[615],"tags":[],"class_list":["post-2087","post","type-post","status-publish","format-standard","hentry","category-makale"],"_links":{"self":[{"href":"http:\/\/www.serdarleblebici.com\/index.php?rest_route=\/wp\/v2\/posts\/2087","targetHints":{"allow":["GET"]}}],"collection":[{"href":"http:\/\/www.serdarleblebici.com\/index.php?rest_route=\/wp\/v2\/posts"}],"about":[{"href":"http:\/\/www.serdarleblebici.com\/index.php?rest_route=\/wp\/v2\/types\/post"}],"author":[{"embeddable":true,"href":"http:\/\/www.serdarleblebici.com\/index.php?rest_route=\/wp\/v2\/users\/1"}],"replies":[{"embeddable":true,"href":"http:\/\/www.serdarleblebici.com\/index.php?rest_route=%2Fwp%2Fv2%2Fcomments&post=2087"}],"version-history":[{"count":5,"href":"http:\/\/www.serdarleblebici.com\/index.php?rest_route=\/wp\/v2\/posts\/2087\/revisions"}],"predecessor-version":[{"id":2100,"href":"http:\/\/www.serdarleblebici.com\/index.php?rest_route=\/wp\/v2\/posts\/2087\/revisions\/2100"}],"wp:attachment":[{"href":"http:\/\/www.serdarleblebici.com\/index.php?rest_route=%2Fwp%2Fv2%2Fmedia&parent=2087"}],"wp:term":[{"taxonomy":"category","embeddable":true,"href":"http:\/\/www.serdarleblebici.com\/index.php?rest_route=%2Fwp%2Fv2%2Fcategories&post=2087"},{"taxonomy":"post_tag","embeddable":true,"href":"http:\/\/www.serdarleblebici.com\/index.php?rest_route=%2Fwp%2Fv2%2Ftags&post=2087"}],"curies":[{"name":"wp","href":"https:\/\/api.w.org\/{rel}","templated":true}]}}