{"id":2063,"date":"2021-09-30T11:23:27","date_gmt":"2021-09-30T08:23:27","guid":{"rendered":"http:\/\/www.serdarleblebici.com\/?p=2063"},"modified":"2021-10-02T16:17:19","modified_gmt":"2021-10-02T13:17:19","slug":"asli-onder","status":"publish","type":"post","link":"http:\/\/www.serdarleblebici.com\/?p=2063","title":{"rendered":"DER\u0130NL\u0130K VE I\u015eI\u011eIN KUCAKLA\u015eMASI"},"content":{"rendered":"\n<pre class=\"wp-block-preformatted makale\" style=\"font-size:17px\">Hi\u00e7 bir resim at\u00f6lyesini gezme f\u0131rsat\u0131n\u0131z oldu mu bilmiyorum ama her at\u00f6lyenin kendine has bir ruhu vard\u0131r. \nSizi renkleriyle, \u00e7izgisiyle bir yerlere g\u00f6t\u00fcr, size bir dizi olay anlatmaya \u00e7al\u0131\u015f\u0131r ama nedense hepsi ayn\u0131 g\u00fc\u00e7l\u00fc hisleri sunmaz size...\nBen bu ay, at\u00f6lyesinin kendine has kokusuyla, sizi b\u00fcy\u00fcleyen enerjisiyle, i\u00e7indeki kursiyerleriyle, renklerle hipnoz eden eserleriyle, b\u00fcy\u00fck k\u00fc\u00e7\u00fck herkesin sayg\u0131 ve sevgi duydu\u011fu \u00e7ok \u00f6zel bir sanat\u00e7\u0131y\u0131 yaz\u0131ma konuk edece\u011fim;\nSerdar Leblebici...\nO Ger\u00e7ek bir sanat\u00e7\u0131!...2011\u2019de tan\u0131maya ba\u015flad\u0131m onu. \u0130nsan\u0131 \u015fa\u015f\u0131rtan bir ki\u015fili\u011fi vard\u0131. O daha \u00f6nce tan\u0131d\u0131\u011f\u0131m hi\u00e7 bir sanat\u00e7\u0131ya benzemiyordu. Zaman ge\u00e7tik\u00e7e onu daha \u00e7ok tan\u0131yor, \u015fa\u015f\u0131r\u0131yor, ondan \u00f6\u011frenmeye ve onun de\u011fi\u015fik renklerine \u015fahit olmaya devam ediyordum.\nHer defas\u0131nda yapt\u0131klar\u0131, olduklar\u0131, s\u00f6yledikleri, hareketleriyle \"ger\u00e7ek sanat\u00e7\u0131\" kavram\u0131n\u0131n alt\u0131n\u0131 bir kez daha \u00e7iziyordu. \u0130nand\u0131klar\u0131ndan asla \u00f6d\u00fcn vermiyordu. O hi\u00e7 teredd\u00fct etmeden g\u00fcvenece\u011finiz, inand\u0131\u011f\u0131 herkese elini uzatacak kadar c\u00f6mert, b\u0131rakmayacak kadar da g\u00fc\u00e7l\u00fc bir karektere sahipti.\nE\u015fine ender rastlad\u0131klar\u0131n\u0131zdan...Zaman ge\u00e7tik\u00e7e art\u0131k biliyordum ressam olmak sanat\u00e7\u0131 olmak de\u011fildi. Sanat\u00e7\u0131 olmak bamba\u015fka bir \u015feydi\u2026 Bir duru\u015f, bir d\u00fc\u015f\u00fcnce \u015fekli, bir \u00f6zveri, inand\u0131\u011f\u0131 de\u011ferler u\u011fruna sava\u015fma, bir katk\u0131, bir s\u00f6ylem, bir g\u00f6zlem, bir y\u00fcr\u00fcy\u00fc\u015f, bir g\u00f6r\u00fc\u015f, herkese ve her yap\u0131lan i\u015fe sonsuz sayg\u0131yd\u0131 ama bunun da \u00f6tesinde....\nOnun kurdu\u011fu b\u00fct\u00fcn ili\u015fkilerde bir de sevgi vard\u0131. \u0130\u015fte as\u0131l onu di\u011ferlerinden ay\u0131ran en b\u00fcy\u00fck fark buydu....Bu sevgi o kadar b\u00fcy\u00fckt\u00fc ki at\u00f6lyenin i\u00e7indekilerle b\u00fcy\u00fcyor herkesi s\u0131ms\u0131k\u0131 birbirine kenetliyor ve sonra sanat eserlerinde renklere ve \u0131\u015f\u0131\u011fa d\u00f6n\u00fc\u015f\u00fcyordu...\nKar\u015f\u0131l\u0131ks\u0131z ve severek yapt\u0131\u011f\u0131 her katk\u0131 ona ya\u015fam\u0131ndaki b\u00fct\u00fcn g\u00fczellikleri sunuyordu c\u00f6mert\u00e7e....Hayat\u0131n\u0131n her d\u00f6neminde ona destek olan \u00e7ok \u00f6zel bir ailesi, onu \u00e7ok seven sanat\u00e7\u0131 dostlar\u0131, kursiyerleri ve onlar\u0131n sevgisiyle ku\u015fat\u0131lm\u0131\u015f asla y\u0131k\u0131lmaz bir kalesi vard\u0131 onun...\nKap\u0131s\u0131n\u0131 \u00e7alm\u0131\u015f olanlar \u015fansl\u0131yd\u0131 \u00e7\u00fcnk\u00fc bir kere onu tan\u0131m\u0131\u015f olan bir daha asla onun dostlu\u011fundan kopamazd\u0131. Hi\u00e7 durmadan \u00fcreten, at\u00f6lyesinde bir m\u00fcze a\u00e7acak kadar eser ya\u015fatan ve \u0130zmirlileri uzun bir \u00f6zlemin ard\u0131ndan tekrar eserleriyle bulu\u015fturan sanat\u00e7\u0131, oniki y\u0131l aradan sonra ki\u015fisel sergisini 5 Ocak'ta Art Shop'da a\u00e7t\u0131. Bu sergide&nbsp;; G\u00f6vdeler, Gizemli N\u00fc, Peyzaj, \u015eehrin K\u0131y\u0131s\u0131nda, Portre ve Lotus Serileri olarak alt\u0131 farkl\u0131 konuyu bir araya getirdi....Di\u011fer b\u00fct\u00fcn sergilerinde oldu\u011fu gibi eserlerin se\u00e7imleri, grupland\u0131r\u0131lmas\u0131 ve yerle\u015ftirilmesi yine sanat\u00e7\u0131ya aitti. \nEserlerinde; Ge\u00e7mi\u015f, geni\u015f ve \u015fimdiki zaman\u0131 ayn\u0131 y\u00fczey \u00fczerinde bulu\u015fturan ressam, t\u00fcm mevsimleri ayn\u0131 zamanda ama de\u011fi\u015fik mekanlarda ya\u015famam\u0131z\u0131 sa\u011fl\u0131yor. Soyut ve somut kavramlar\u0131 bulu\u015fturmas\u0131, zaman alg\u0131s\u0131n\u0131 de\u011fi\u015ftiriyor zihinlerimizde...\nZaman zaman sil\u00fcete d\u00f6n\u00fc\u015fen kad\u0131n imgelerini, antik dokularla i\u00e7i\u00e7e kullanarak bizi adeta zaman i\u00e7inde bir yolculu\u011fa \u00e7\u0131kar\u0131yor. Tablolara bakarken zaman hem duruyor hem ak\u0131yor.\nG\u00f6vdelerin g\u00fcc\u00fc sanki yerle g\u00f6k aras\u0131nda bir ba\u011flant\u0131 kuruyor ve \u00e7ok eski zamanlardan kalma tap\u0131nak, konak ve k\u00f6pr\u00fc kal\u0131nt\u0131lar\u0131, tablolar\u0131n derinliklerinden ya\u015fanm\u0131\u015fl\u0131klar\u0131yla g\u00f6z k\u0131rp\u0131yor size...\nSerdar Leblebici'nin, kompozisyonlar\u0131nda s\u0131k\u00e7a rastlad\u0131\u011f\u0131m\u0131z ve serbest\u00e7e konumland\u0131r\u0131lan bal\u0131k ve nar imgeleri, resimin y\u00fczeyinde beklenmedi\u011fimiz anlarda kar\u015f\u0131m\u0131za \u00e7\u0131k\u0131yor ve bizi gizemli bir ya\u015fam yolculu\u011funa s\u00fcr\u00fckl\u00fcyor. \nSuyun \u0131\u015f\u0131kla birlikteli\u011finden olu\u015fan yans\u0131malar, g\u00fcc\u00fcn\u00fc ya\u015fam enerjisinden alan a\u011fa\u00e7 g\u00f6vdeleri kad\u0131n g\u00f6vdelerine d\u00f6n\u00fc\u015f\u00fcp sarmal\u0131yor sizi.... Sanat\u00e7\u0131, resimlerinde \u0131\u015f\u0131k ve derinlik kavramlar\u0131n\u0131 ustal\u0131kla kullan\u0131rken \u00e7ok katmanl\u0131 resim dilini de samimiyetle yans\u0131t\u0131yor bizlere...\nSerdar Leblebici'nin portrelerinde ise; g\u00f6z sanki ressam\u0131n g\u00f6z\u00fc oluyor, izleyiciyi o noktadan kendi d\u00fcnyas\u0131na ortak ediyor. Burada d\u00fc\u015f\u00fcncelerini duygular\u0131yla harmanlayarak bize daha da yakla\u015f\u0131yor eserlerinde...\n\"Her yeni resmim benim yeniden do\u011fu\u015fumdur\" diyerek de hayat\u0131n\u0131 adad\u0131\u011f\u0131n resim sanat\u0131na olan ba\u011fl\u0131l\u0131\u011f\u0131n\u0131, sevgisini ve heyecan\u0131n\u0131 i\u00e7tenlikle anlat\u0131yor bizlere...Sanat\u00e7\u0131n\u0131n, bug\u00fcne kadar yirmiyedi ki\u015fisel sergisi oldu. \nYurti\u00e7i ve yurtd\u0131\u015f\u0131nda, uluslararas\u0131 boyutu olan bir\u00e7ok karma ve grup sergisine kat\u0131ld\u0131. Kendisi bir Soci\u00e9t\u00e9 Nationale des Beaux-Arts (SNBA) Paris \u00fcyesi. \nSNBA kurumu taraf\u0131ndan; 2006 y\u0131l\u0131nda,\"Resim Dal\u0131nda Bronz Madalya\", 2011 y\u0131l\u0131nda,\"20x20\" Delegasyon sergisi ile \"G\u00fcm\u00fc\u015f Madalya\", 2013 y\u0131l\u0131nda Tunus \/ Monastir Uluslararas\u0131 Plastik Sanatlar Festivali'nde ise \"Resim Dal\u0131nda B\u00fcy\u00fck \u00d6d\u00fcl\" ile onurland\u0131r\u0131ld\u0131. \n2015 'te yerle\u015ftirme, en son Aral\u0131k 2016'da ise resim dal\u0131nda alt\u0131n madalya ile \u00f6d\u00fcllendirildi. T.C.D\u0131\u015fi\u015fleri Bakanl\u0131\u011f\u0131 b\u00fcnyesinde ger\u00e7ekle\u015ftirilen proje kapsam\u0131nda eserleri; Abuja (Nijerya) ve Ulan Bator (Mo\u011folistan) ba\u015fta olmak \u00fczere, T.C. B\u00fcy\u00fckel\u00e7ilik sanat eserleri koleksiyonlar\u0131na dahil edildi.\n2010 y\u0131l\u0131ndan beri ise sanat\u00e7\u0131, Paris'te Galerie L'Amour de L'Art taraf\u0131ndan temsil ediliyor. Frans\u0131z Ulusal G\u00fczel Sanatlar Kurumunun(SNBA) her y\u0131l Paris Louvre M\u00fczesi \"Carrousel Du Louvre, Salle Le Notre Salonu\"nda d\u00fczenledi\u011fi \"Uluslararas\u0131 Geleneksel Plastik Sanatlar\" sergisine, T\u00fcrkiye delegasyonu b\u00fcnyesinde 2004\u2019den buyana kat\u0131lan T\u00fcrk sanat\u00e7\u0131dan biri olan, \u0130zmir'de ya\u015fayan ve \u00e7al\u0131\u015fmalar\u0131na yine \u0130zmir'deki at\u00f6lyesinde devam eden ressam\u0131n, \u0130zmir Art Shop daki sergisi 13 \u015eubata kadar g\u00f6r\u00fclebilir. \nKa\u011f\u0131t \u00fczerine kar\u0131\u015f\u0131k teknik, ka\u011f\u0131t \u00fczerine lavi, al\u00fcminyum ka\u011f\u0131t \u00fczerine ve tuval \u00fczerine ya\u011fl\u0131 boya teknikleri ile \u00fcretilmi\u015f 52 tane eseri izlemeye doyamayacaks\u0131n\u0131z.\nRenklerin i\u00e7inde kaybolurken t\u0131pk\u0131 tablolar\u0131ndaki konular gibi ger\u00e7ek ve d\u00fc\u015f aras\u0131nda bir yerde bulacaks\u0131n\u0131z kendinizi...\nOnu en belirgin \u015fekide tan\u0131mam\u0131z\u0131 sa\u011flayan g\u00fc\u00e7l\u00fc \u0131\u015f\u0131k vurgular\u0131yla ayd\u0131nlanacak, bir kez de siz \u0131\u015f\u0131k tutacaks\u0131n\u0131z hem ge\u00e7mi\u015fe hem de gelece\u011fe...Ve bakal\u0131m siz hangi eserin i\u00e7inde, nerede bulacaks\u0131n\u0131z kendinizi?... \n\nAsl\u0131 \u00d6NDER\nRessam-yazar\n\u015eubat 2017\n\nS. Leblebici ki\u015fisel sergi  \/ 5 Ocak-13 \u015eubat 2017 - \u0130zmir \/ ArtShop<\/pre>\n","protected":false},"excerpt":{"rendered":"<p>ASLI \u00d6NDER<\/p>\n","protected":false},"author":1,"featured_media":0,"comment_status":"closed","ping_status":"open","sticky":false,"template":"","format":"standard","meta":{"neve_meta_sidebar":"","neve_meta_container":"","neve_meta_enable_content_width":"","neve_meta_content_width":0,"neve_meta_title_alignment":"","neve_meta_author_avatar":"","neve_post_elements_order":"","neve_meta_disable_header":"","neve_meta_disable_footer":"","neve_meta_disable_title":"","footnotes":""},"categories":[615],"tags":[],"class_list":["post-2063","post","type-post","status-publish","format-standard","hentry","category-makale"],"_links":{"self":[{"href":"http:\/\/www.serdarleblebici.com\/index.php?rest_route=\/wp\/v2\/posts\/2063","targetHints":{"allow":["GET"]}}],"collection":[{"href":"http:\/\/www.serdarleblebici.com\/index.php?rest_route=\/wp\/v2\/posts"}],"about":[{"href":"http:\/\/www.serdarleblebici.com\/index.php?rest_route=\/wp\/v2\/types\/post"}],"author":[{"embeddable":true,"href":"http:\/\/www.serdarleblebici.com\/index.php?rest_route=\/wp\/v2\/users\/1"}],"replies":[{"embeddable":true,"href":"http:\/\/www.serdarleblebici.com\/index.php?rest_route=%2Fwp%2Fv2%2Fcomments&post=2063"}],"version-history":[{"count":6,"href":"http:\/\/www.serdarleblebici.com\/index.php?rest_route=\/wp\/v2\/posts\/2063\/revisions"}],"predecessor-version":[{"id":2161,"href":"http:\/\/www.serdarleblebici.com\/index.php?rest_route=\/wp\/v2\/posts\/2063\/revisions\/2161"}],"wp:attachment":[{"href":"http:\/\/www.serdarleblebici.com\/index.php?rest_route=%2Fwp%2Fv2%2Fmedia&parent=2063"}],"wp:term":[{"taxonomy":"category","embeddable":true,"href":"http:\/\/www.serdarleblebici.com\/index.php?rest_route=%2Fwp%2Fv2%2Fcategories&post=2063"},{"taxonomy":"post_tag","embeddable":true,"href":"http:\/\/www.serdarleblebici.com\/index.php?rest_route=%2Fwp%2Fv2%2Ftags&post=2063"}],"curies":[{"name":"wp","href":"https:\/\/api.w.org\/{rel}","templated":true}]}}